{"id":5610,"date":"2026-04-30T17:52:54","date_gmt":"2026-04-30T16:52:54","guid":{"rendered":"https:\/\/wedigitek.com\/?p=5610"},"modified":"2026-04-30T18:00:47","modified_gmt":"2026-04-30T17:00:47","slug":"seguridad-alimentaria-en-la-practica-formacion-para-equipos-operativos","status":"publish","type":"post","link":"https:\/\/wedigitek.com\/es\/blog-es\/seguridad-alimentaria-en-la-practica-formacion-para-equipos-operativos\/","title":{"rendered":"Seguridad alimentaria en la pr\u00e1ctica: formaci\u00f3n para equipos operativos"},"content":{"rendered":"<p data-start=\"0\" data-end=\"227\">Muchas veces, las capacitaciones son vistas como una pausa obligatoria \u2014 y a veces tediosa \u2014 ya he vivido en varias ocasiones situaciones en las que colaboradores se quedaron dormidos durante mi capacitaci\u00f3n, una dura realidad.<\/p>\n<p data-start=\"229\" data-end=\"546\">Sin embargo, para quienes trabajan en primera l\u00ednea, la calidad y el cuidado de los alimentos deben ser tangibles. No basta con decir \u00abl\u00e1vese las manos cada vez que cambie de tarea\u00bb; es necesario mostrar por qu\u00e9 ese rinc\u00f3n olvidado de la u\u00f1a es el escondite perfecto para pat\u00f3genos que pueden causar un posible brote.<\/p>\n<p data-start=\"548\" data-end=\"905\">Cuando aplicamos din\u00e1micas que respetan la realidad operativa, transformamos la legislaci\u00f3n en cultura. Capacitar usando recursos l\u00fadicos no es jugar a trabajar; es garantizar que la ciencia de la seguridad alimentaria sea accesible e indispensable para quienes, de hecho, protegen la vida del cliente todos los d\u00edas durante la preparaci\u00f3n de los alimentos.<\/p>\n<p data-start=\"907\" data-end=\"1393\"><strong>Aprendizaje Basado en Problemas (PBL):<\/strong> El adulto aprende mejor cuando enfrenta desaf\u00edos reales. En lugar de una charla sobre contaminaci\u00f3n cruzada, \u00bfqu\u00e9 tal llevar al equipo al \u00e1rea de almacenamiento y pedirles que identifiquen \u00abqu\u00e9 est\u00e1 mal en esta escena\u00bb? Al lidiar con una caja de cart\u00f3n en un lugar indebido o un term\u00f3metro descalibrado, el colaborador ejercita el pensamiento cr\u00edtico. La seguridad alimentaria deja de ser una regla impuesta y pasa a ser una soluci\u00f3n de problemas.<\/p>\n<p data-start=\"1395\" data-end=\"1907\"><strong>Traduciendo el \u00abPorqu\u00e9\u00bb de los Procedimientos:<\/strong> \u00bfPor qu\u00e9 no se puede usar perfume? \u00bfPor qu\u00e9 la barba debe estar afeitada? \u00bfPor qu\u00e9 el pa\u00f1o de cocina es un villano? En mi experiencia, la adhesi\u00f3n aumenta dr\u00e1sticamente cuando el \u00abno se puede\u00bb se sustituye por la explicaci\u00f3n del riesgo. Utilizar din\u00e1micas como el polvo fluorescente, que simula g\u00e9rmenes bajo luz UV, revela lo invisible. Cuando el colaborador ve d\u00f3nde qued\u00f3 la \u00absuciedad\u00bb despu\u00e9s de un lavado de manos mal realizado, su conciencia tiende a cambiar.<\/p>\n<p data-start=\"1909\" data-end=\"2262\"><strong>La Capacitaci\u00f3n puntual y la Gesti\u00f3n del Momento:<\/strong> La capacitaci\u00f3n no ocurre solo en la sala de entrenamiento. Ocurre cuando un gestor corrige una t\u00e9cnica de corte o refuerza la importancia de la etiqueta de vencimiento en el momento exacto de la manipulaci\u00f3n. Esto es educaci\u00f3n en tiempo real; el monitoreo del d\u00eda a d\u00eda debe ser educativo, no punitivo.<\/p>\n<p data-start=\"2264\" data-end=\"2720\"><strong>Gamificaci\u00f3n y Compromiso:<\/strong> Incorporar elementos l\u00fadicos, como competencias de higiene o tableros de \u00abDestacado de Calidad\u00bb, estimula el sentido de pertenencia. Cuando el colaborador entiende que es el guardi\u00e1n de la salud del cliente, asume la responsabilidad de forma org\u00e1nica. A continuaci\u00f3n, comparto algunas estrategias l\u00fadicas, probadas y aprobadas, con las que podemos aumentar el compromiso de los colaboradores en relaci\u00f3n con las Buenas Pr\u00e1cticas.<\/p>\n<p data-start=\"2723\" data-end=\"3381\"><strong>El \u00abTeatro del Absurdo\u00bb<\/strong><br \/>\nEn lugar de solo se\u00f1alar errores, pida a dos colaboradores que representen una situaci\u00f3n cotidiana en la cocina, pero con un detalle: deben cometer intencionalmente la mayor cantidad posible de errores de Buenas Pr\u00e1cticas de Fabricaci\u00f3n (BPF) en dos minutos. La Din\u00e1mica: El resto del equipo act\u00faa como \u00abauditores\u00bb en una competencia para ver qui\u00e9n identifica m\u00e1s fallas t\u00e9cnicas. El Beneficio: Esto estimula el pensamiento cr\u00edtico y el sentido de observaci\u00f3n de forma ligera, transformando la correcci\u00f3n en un desaf\u00edo divertido. Las risas est\u00e1n garantizadas durante la din\u00e1mica, y tengo la certeza de que nadie del equipo se dormir\u00e1.<\/p>\n<p data-start=\"3383\" data-end=\"3540\"><strong>Din\u00e1mica del Glitter:<\/strong> La \u00abbacteria\u00bb Invisible<br \/>\nComo la seguridad alimentaria trata con aquello que no vemos, hacer que lo invisible sea \u201creal\u201d es fundamental.<\/p>\n<p data-start=\"3542\" data-end=\"3767\"><strong>La Din\u00e1mica:<\/strong> Al inicio de una reuni\u00f3n, estreche la mano de un colaborador usando un poco de glitter fino escondido en la palma. A lo largo de la conversaci\u00f3n, el glitter se ir\u00e1 esparciendo por vasos, papeles y otras personas.<\/p>\n<p data-start=\"3769\" data-end=\"4036\"><strong>La Persuasi\u00f3n:<\/strong> Al final, muestre c\u00f3mo la \u00abbacteria\u00bb (glitter) viaj\u00f3 por todo el grupo a trav\u00e9s de un \u00fanico contacto. Es el argumento visual perfecto para explicar por qu\u00e9 la higiene de manos y la contaminaci\u00f3n cruzada son riesgos reales y los m\u00e1s peligrosos de todos.<\/p>\n<p data-start=\"4038\" data-end=\"4174\"><strong>\u00abEscape Game\u00bb de la Calidad<\/strong><br \/>\nTransforme el \u00e1rea de almacenamiento o la cocina, en un horario de menor movimiento, en una sala de enigmas.<\/p>\n<p data-start=\"4176\" data-end=\"4493\"><strong>La Din\u00e1mica:<\/strong> Esconda \u00abpistas\u00bb que, en realidad, son no conformidades: un producto sin etiqueta, una caja de cart\u00f3n almacenada directamente en el piso, un insumo vencido, etc. El equipo solo \u00abgana\u00bb el juego y recibe un premio o reconocimiento si encuentra y corrige todos los problemas dentro de un tiempo determinado.<\/p>\n<p data-start=\"4495\" data-end=\"4646\"><strong>El Beneficio:<\/strong> El colaborador deja de ser un ejecutor pasivo y pasa a ser el guardi\u00e1n de la seguridad alimentaria, resolviendo problemas en tiempo real.<\/p>\n<p data-start=\"4648\" data-end=\"4774\"><strong>Gesti\u00f3n del Momento: El \u00abFeedback Positivo en P\u00fablico\u00bb<\/strong><br \/>\nLa persuasi\u00f3n en el buen sentido ocurre cuando el acierto es celebrado.<\/p>\n<p data-start=\"4776\" data-end=\"4973\"><strong>La Pr\u00e1ctica:<\/strong> Al monitorear la operaci\u00f3n y ver a un colaborador higienizando correctamente la mesada sin que se lo pidan, felic\u00edtelo frente al equipo o utilice un tablero de \u00abDestacados de Calidad\u00bb.<\/p>\n<p data-start=\"4975\" data-end=\"5182\"><strong>La Persuasi\u00f3n:<\/strong> Esto crea el deseo de pertenencia y reconocimiento, haciendo que el rigor t\u00e9cnico se convierta en un h\u00e1bito fluido para todos, no por miedo al castigo, sino por orgullo del trabajo bien hecho.<\/p>\n<p data-start=\"5184\" data-end=\"5589\">Como especialistas, nuestro papel en la Gesti\u00f3n de la Calidad es ser el v\u00ednculo entre la legislaci\u00f3n y la pr\u00e1ctica. Capacitar es, ante todo, comunicar; es transformar el rigor t\u00e9cnico en un h\u00e1bito fluido. La seguridad alimentaria no se construye solo con planillas, registros y Manuales, sino con personas conscientes de que cada detalle de su d\u00eda a d\u00eda tiene el poder de proteger la vida de los clientes.<\/p>\n<p data-start=\"5591\" data-end=\"5840\">Si queremos resultados diferentes en la conformidad de nuestros establecimientos, necesitamos enfoques que respeten el entendimiento y la rutina de quienes hacen que la operaci\u00f3n suceda. Necesitamos hacer que la ciencia sea accesible y comprensible.<\/p>\n<p>&#8211; Fabiana Borrego, Empresaria del sector de Food Service, formada en nutrici\u00f3n y gastronom\u00eda. Socia fundadora de ChefNutri, empresa que act\u00faa en la Gesti\u00f3n de la Calidad para Food Service, registrada en Sebrae y homologada por la Vigilancia Sanitaria de Florian\u00f3polis,<br \/>\ny de Geluk Academy, empresa de curadur\u00eda de eventos y misiones para el segmento de Alimentos y Bebidas. Especialista en gesti\u00f3n de calidad, auditora interna HACCP | APPC, liderazgo y gesti\u00f3n de personas.<\/p>\n","protected":false},"excerpt":{"rendered":"<p>Muchas veces, las capacitaciones son vistas como una pausa obligatoria \u2014 y a veces tediosa \u2014 ya he vivido en varias ocasiones situaciones en las que colaboradores se quedaron dormidos durante mi capacitaci\u00f3n, una dura realidad. Sin embargo, para quienes trabajan en primera l\u00ednea, la calidad y el cuidado de los alimentos deben ser tangibles&#8230;.  <a class=\"excerpt-read-more\" href=\"https:\/\/wedigitek.com\/es\/blog-es\/seguridad-alimentaria-en-la-practica-formacion-para-equipos-operativos\/\" title=\"Read Seguridad alimentaria en la pr\u00e1ctica: formaci\u00f3n para equipos operativos\">continuar lendo &raquo;<\/a><\/p>\n","protected":false},"author":38,"featured_media":5606,"comment_status":"closed","ping_status":"closed","sticky":false,"template":"","format":"standard","meta":{"_acf_changed":false,"_monsterinsights_skip_tracking":false,"_monsterinsights_sitenote_active":false,"_monsterinsights_sitenote_note":"","_monsterinsights_sitenote_category":0,"footnotes":""},"categories":[57],"tags":[],"class_list":["post-5610","post","type-post","status-publish","format-standard","has-post-thumbnail","hentry","category-blog-es"],"acf":[],"yoast_head":"<!-- This site is optimized with the Yoast SEO plugin v26.6 - https:\/\/yoast.com\/wordpress\/plugins\/seo\/ -->\n<title>Seguridad alimentaria en la pr\u00e1ctica: formaci\u00f3n para equipos operativos - We:Digitek<\/title>\n<meta name=\"robots\" content=\"index, follow, max-snippet:-1, max-image-preview:large, max-video-preview:-1\" \/>\n<link rel=\"canonical\" href=\"https:\/\/wedigitek.com\/es\/blog-es\/seguridad-alimentaria-en-la-practica-formacion-para-equipos-operativos\/\" \/>\n<meta property=\"og:locale\" content=\"es_ES\" \/>\n<meta property=\"og:type\" content=\"article\" \/>\n<meta property=\"og:title\" content=\"Seguridad alimentaria en la pr\u00e1ctica: formaci\u00f3n para equipos operativos - We:Digitek\" \/>\n<meta property=\"og:description\" content=\"Muchas veces, las capacitaciones son vistas como una pausa obligatoria \u2014 y a veces tediosa \u2014 ya he vivido en varias ocasiones situaciones en las que colaboradores se quedaron dormidos durante mi capacitaci\u00f3n, una dura realidad. Sin embargo, para quienes trabajan en primera l\u00ednea, la calidad y el cuidado de los alimentos deben ser tangibles.... continuar lendo &raquo;\" \/>\n<meta property=\"og:url\" content=\"https:\/\/wedigitek.com\/es\/blog-es\/seguridad-alimentaria-en-la-practica-formacion-para-equipos-operativos\/\" \/>\n<meta property=\"og:site_name\" content=\"We:Digitek\" \/>\n<meta property=\"article:publisher\" content=\"https:\/\/www.facebook.com\/wedigitek\" \/>\n<meta property=\"article:published_time\" content=\"2026-04-30T16:52:54+00:00\" \/>\n<meta property=\"article:modified_time\" content=\"2026-04-30T17:00:47+00:00\" \/>\n<meta property=\"og:image\" content=\"https:\/\/wedigitek.com\/wp-content\/uploads\/2026\/04\/ChatGPT-Image-29_04_2026-15_32_44.png\" \/>\n\t<meta property=\"og:image:width\" content=\"1672\" \/>\n\t<meta property=\"og:image:height\" content=\"941\" \/>\n\t<meta property=\"og:image:type\" content=\"image\/png\" \/>\n<meta name=\"author\" content=\"We:Digitek\" \/>\n<meta name=\"twitter:card\" content=\"summary_large_image\" \/>\n<meta name=\"twitter:label1\" content=\"Escrito por\" \/>\n\t<meta name=\"twitter:data1\" content=\"We:Digitek\" \/>\n\t<meta name=\"twitter:label2\" content=\"Tiempo de lectura\" \/>\n\t<meta name=\"twitter:data2\" content=\"6 minutos\" \/>\n<script type=\"application\/ld+json\" class=\"yoast-schema-graph\">{\"@context\":\"https:\/\/schema.org\",\"@graph\":[{\"@type\":\"Article\",\"@id\":\"https:\/\/wedigitek.com\/es\/blog-es\/seguridad-alimentaria-en-la-practica-formacion-para-equipos-operativos\/#article\",\"isPartOf\":{\"@id\":\"https:\/\/wedigitek.com\/es\/blog-es\/seguridad-alimentaria-en-la-practica-formacion-para-equipos-operativos\/\"},\"author\":{\"name\":\"We:Digitek\",\"@id\":\"https:\/\/wedigitek.com\/es\/#\/schema\/person\/d50a88beee5dc731e85158cf3e370143\"},\"headline\":\"Seguridad alimentaria en la pr\u00e1ctica: formaci\u00f3n para equipos operativos\",\"datePublished\":\"2026-04-30T16:52:54+00:00\",\"dateModified\":\"2026-04-30T17:00:47+00:00\",\"mainEntityOfPage\":{\"@id\":\"https:\/\/wedigitek.com\/es\/blog-es\/seguridad-alimentaria-en-la-practica-formacion-para-equipos-operativos\/\"},\"wordCount\":1111,\"publisher\":{\"@id\":\"https:\/\/wedigitek.com\/es\/#organization\"},\"image\":{\"@id\":\"https:\/\/wedigitek.com\/es\/blog-es\/seguridad-alimentaria-en-la-practica-formacion-para-equipos-operativos\/#primaryimage\"},\"thumbnailUrl\":\"https:\/\/wedigitek.com\/wp-content\/uploads\/2026\/04\/ChatGPT-Image-29_04_2026-15_32_44.png\",\"articleSection\":[\"Blog\"],\"inLanguage\":\"es\"},{\"@type\":\"WebPage\",\"@id\":\"https:\/\/wedigitek.com\/es\/blog-es\/seguridad-alimentaria-en-la-practica-formacion-para-equipos-operativos\/\",\"url\":\"https:\/\/wedigitek.com\/es\/blog-es\/seguridad-alimentaria-en-la-practica-formacion-para-equipos-operativos\/\",\"name\":\"Seguridad alimentaria en la pr\u00e1ctica: formaci\u00f3n para equipos operativos - We:Digitek\",\"isPartOf\":{\"@id\":\"https:\/\/wedigitek.com\/es\/#website\"},\"primaryImageOfPage\":{\"@id\":\"https:\/\/wedigitek.com\/es\/blog-es\/seguridad-alimentaria-en-la-practica-formacion-para-equipos-operativos\/#primaryimage\"},\"image\":{\"@id\":\"https:\/\/wedigitek.com\/es\/blog-es\/seguridad-alimentaria-en-la-practica-formacion-para-equipos-operativos\/#primaryimage\"},\"thumbnailUrl\":\"https:\/\/wedigitek.com\/wp-content\/uploads\/2026\/04\/ChatGPT-Image-29_04_2026-15_32_44.png\",\"datePublished\":\"2026-04-30T16:52:54+00:00\",\"dateModified\":\"2026-04-30T17:00:47+00:00\",\"breadcrumb\":{\"@id\":\"https:\/\/wedigitek.com\/es\/blog-es\/seguridad-alimentaria-en-la-practica-formacion-para-equipos-operativos\/#breadcrumb\"},\"inLanguage\":\"es\",\"potentialAction\":[{\"@type\":\"ReadAction\",\"target\":[\"https:\/\/wedigitek.com\/es\/blog-es\/seguridad-alimentaria-en-la-practica-formacion-para-equipos-operativos\/\"]}]},{\"@type\":\"ImageObject\",\"inLanguage\":\"es\",\"@id\":\"https:\/\/wedigitek.com\/es\/blog-es\/seguridad-alimentaria-en-la-practica-formacion-para-equipos-operativos\/#primaryimage\",\"url\":\"https:\/\/wedigitek.com\/wp-content\/uploads\/2026\/04\/ChatGPT-Image-29_04_2026-15_32_44.png\",\"contentUrl\":\"https:\/\/wedigitek.com\/wp-content\/uploads\/2026\/04\/ChatGPT-Image-29_04_2026-15_32_44.png\",\"width\":1672,\"height\":941},{\"@type\":\"BreadcrumbList\",\"@id\":\"https:\/\/wedigitek.com\/es\/blog-es\/seguridad-alimentaria-en-la-practica-formacion-para-equipos-operativos\/#breadcrumb\",\"itemListElement\":[{\"@type\":\"ListItem\",\"position\":1,\"name\":\"In\u00edcio\",\"item\":\"https:\/\/wedigitek.com\/es\/\"},{\"@type\":\"ListItem\",\"position\":2,\"name\":\"Seguridad alimentaria en la pr\u00e1ctica: formaci\u00f3n para equipos operativos\"}]},{\"@type\":\"WebSite\",\"@id\":\"https:\/\/wedigitek.com\/es\/#website\",\"url\":\"https:\/\/wedigitek.com\/es\/\",\"name\":\"We:Digitek\",\"description\":\"Home\",\"publisher\":{\"@id\":\"https:\/\/wedigitek.com\/es\/#organization\"},\"potentialAction\":[{\"@type\":\"SearchAction\",\"target\":{\"@type\":\"EntryPoint\",\"urlTemplate\":\"https:\/\/wedigitek.com\/es\/?s={search_term_string}\"},\"query-input\":{\"@type\":\"PropertyValueSpecification\",\"valueRequired\":true,\"valueName\":\"search_term_string\"}}],\"inLanguage\":\"es\"},{\"@type\":\"Organization\",\"@id\":\"https:\/\/wedigitek.com\/es\/#organization\",\"name\":\"We:Digitek\",\"url\":\"https:\/\/wedigitek.com\/es\/\",\"logo\":{\"@type\":\"ImageObject\",\"inLanguage\":\"es\",\"@id\":\"https:\/\/wedigitek.com\/es\/#\/schema\/logo\/image\/\",\"url\":\"https:\/\/wedigitek.com\/wp-content\/uploads\/2024\/05\/logo-wedigitek-1297x245-2.png\",\"contentUrl\":\"https:\/\/wedigitek.com\/wp-content\/uploads\/2024\/05\/logo-wedigitek-1297x245-2.png\",\"width\":1297,\"height\":245,\"caption\":\"We:Digitek\"},\"image\":{\"@id\":\"https:\/\/wedigitek.com\/es\/#\/schema\/logo\/image\/\"},\"sameAs\":[\"https:\/\/www.facebook.com\/wedigitek\",\"https:\/\/www.instagram.com\/wedigitek\",\"https:\/\/linkedin.com\/company\/wedigitek\/\"]},{\"@type\":\"Person\",\"@id\":\"https:\/\/wedigitek.com\/es\/#\/schema\/person\/d50a88beee5dc731e85158cf3e370143\",\"name\":\"We:Digitek\",\"image\":{\"@type\":\"ImageObject\",\"inLanguage\":\"es\",\"@id\":\"https:\/\/wedigitek.com\/es\/#\/schema\/person\/image\/\",\"url\":\"https:\/\/secure.gravatar.com\/avatar\/23daac8d49409faf4c30b36568c24dd6f05b0013d048bb9b2d2b1d51af033d99?s=96&d=mm&r=g\",\"contentUrl\":\"https:\/\/secure.gravatar.com\/avatar\/23daac8d49409faf4c30b36568c24dd6f05b0013d048bb9b2d2b1d51af033d99?s=96&d=mm&r=g\",\"caption\":\"We:Digitek\"},\"url\":\"https:\/\/wedigitek.com\/es\/author\/esanches\/\"}]}<\/script>\n<!-- \/ Yoast SEO plugin. -->","yoast_head_json":{"title":"Seguridad alimentaria en la pr\u00e1ctica: formaci\u00f3n para equipos operativos - We:Digitek","robots":{"index":"index","follow":"follow","max-snippet":"max-snippet:-1","max-image-preview":"max-image-preview:large","max-video-preview":"max-video-preview:-1"},"canonical":"https:\/\/wedigitek.com\/es\/blog-es\/seguridad-alimentaria-en-la-practica-formacion-para-equipos-operativos\/","og_locale":"es_ES","og_type":"article","og_title":"Seguridad alimentaria en la pr\u00e1ctica: formaci\u00f3n para equipos operativos - We:Digitek","og_description":"Muchas veces, las capacitaciones son vistas como una pausa obligatoria \u2014 y a veces tediosa \u2014 ya he vivido en varias ocasiones situaciones en las que colaboradores se quedaron dormidos durante mi capacitaci\u00f3n, una dura realidad. Sin embargo, para quienes trabajan en primera l\u00ednea, la calidad y el cuidado de los alimentos deben ser tangibles.... continuar lendo &raquo;","og_url":"https:\/\/wedigitek.com\/es\/blog-es\/seguridad-alimentaria-en-la-practica-formacion-para-equipos-operativos\/","og_site_name":"We:Digitek","article_publisher":"https:\/\/www.facebook.com\/wedigitek","article_published_time":"2026-04-30T16:52:54+00:00","article_modified_time":"2026-04-30T17:00:47+00:00","og_image":[{"width":1672,"height":941,"url":"https:\/\/wedigitek.com\/wp-content\/uploads\/2026\/04\/ChatGPT-Image-29_04_2026-15_32_44.png","type":"image\/png"}],"author":"We:Digitek","twitter_card":"summary_large_image","twitter_misc":{"Escrito por":"We:Digitek","Tiempo de lectura":"6 minutos"},"schema":{"@context":"https:\/\/schema.org","@graph":[{"@type":"Article","@id":"https:\/\/wedigitek.com\/es\/blog-es\/seguridad-alimentaria-en-la-practica-formacion-para-equipos-operativos\/#article","isPartOf":{"@id":"https:\/\/wedigitek.com\/es\/blog-es\/seguridad-alimentaria-en-la-practica-formacion-para-equipos-operativos\/"},"author":{"name":"We:Digitek","@id":"https:\/\/wedigitek.com\/es\/#\/schema\/person\/d50a88beee5dc731e85158cf3e370143"},"headline":"Seguridad alimentaria en la pr\u00e1ctica: formaci\u00f3n para equipos operativos","datePublished":"2026-04-30T16:52:54+00:00","dateModified":"2026-04-30T17:00:47+00:00","mainEntityOfPage":{"@id":"https:\/\/wedigitek.com\/es\/blog-es\/seguridad-alimentaria-en-la-practica-formacion-para-equipos-operativos\/"},"wordCount":1111,"publisher":{"@id":"https:\/\/wedigitek.com\/es\/#organization"},"image":{"@id":"https:\/\/wedigitek.com\/es\/blog-es\/seguridad-alimentaria-en-la-practica-formacion-para-equipos-operativos\/#primaryimage"},"thumbnailUrl":"https:\/\/wedigitek.com\/wp-content\/uploads\/2026\/04\/ChatGPT-Image-29_04_2026-15_32_44.png","articleSection":["Blog"],"inLanguage":"es"},{"@type":"WebPage","@id":"https:\/\/wedigitek.com\/es\/blog-es\/seguridad-alimentaria-en-la-practica-formacion-para-equipos-operativos\/","url":"https:\/\/wedigitek.com\/es\/blog-es\/seguridad-alimentaria-en-la-practica-formacion-para-equipos-operativos\/","name":"Seguridad alimentaria en la pr\u00e1ctica: formaci\u00f3n para equipos operativos - We:Digitek","isPartOf":{"@id":"https:\/\/wedigitek.com\/es\/#website"},"primaryImageOfPage":{"@id":"https:\/\/wedigitek.com\/es\/blog-es\/seguridad-alimentaria-en-la-practica-formacion-para-equipos-operativos\/#primaryimage"},"image":{"@id":"https:\/\/wedigitek.com\/es\/blog-es\/seguridad-alimentaria-en-la-practica-formacion-para-equipos-operativos\/#primaryimage"},"thumbnailUrl":"https:\/\/wedigitek.com\/wp-content\/uploads\/2026\/04\/ChatGPT-Image-29_04_2026-15_32_44.png","datePublished":"2026-04-30T16:52:54+00:00","dateModified":"2026-04-30T17:00:47+00:00","breadcrumb":{"@id":"https:\/\/wedigitek.com\/es\/blog-es\/seguridad-alimentaria-en-la-practica-formacion-para-equipos-operativos\/#breadcrumb"},"inLanguage":"es","potentialAction":[{"@type":"ReadAction","target":["https:\/\/wedigitek.com\/es\/blog-es\/seguridad-alimentaria-en-la-practica-formacion-para-equipos-operativos\/"]}]},{"@type":"ImageObject","inLanguage":"es","@id":"https:\/\/wedigitek.com\/es\/blog-es\/seguridad-alimentaria-en-la-practica-formacion-para-equipos-operativos\/#primaryimage","url":"https:\/\/wedigitek.com\/wp-content\/uploads\/2026\/04\/ChatGPT-Image-29_04_2026-15_32_44.png","contentUrl":"https:\/\/wedigitek.com\/wp-content\/uploads\/2026\/04\/ChatGPT-Image-29_04_2026-15_32_44.png","width":1672,"height":941},{"@type":"BreadcrumbList","@id":"https:\/\/wedigitek.com\/es\/blog-es\/seguridad-alimentaria-en-la-practica-formacion-para-equipos-operativos\/#breadcrumb","itemListElement":[{"@type":"ListItem","position":1,"name":"In\u00edcio","item":"https:\/\/wedigitek.com\/es\/"},{"@type":"ListItem","position":2,"name":"Seguridad alimentaria en la pr\u00e1ctica: formaci\u00f3n para equipos operativos"}]},{"@type":"WebSite","@id":"https:\/\/wedigitek.com\/es\/#website","url":"https:\/\/wedigitek.com\/es\/","name":"We:Digitek","description":"Home","publisher":{"@id":"https:\/\/wedigitek.com\/es\/#organization"},"potentialAction":[{"@type":"SearchAction","target":{"@type":"EntryPoint","urlTemplate":"https:\/\/wedigitek.com\/es\/?s={search_term_string}"},"query-input":{"@type":"PropertyValueSpecification","valueRequired":true,"valueName":"search_term_string"}}],"inLanguage":"es"},{"@type":"Organization","@id":"https:\/\/wedigitek.com\/es\/#organization","name":"We:Digitek","url":"https:\/\/wedigitek.com\/es\/","logo":{"@type":"ImageObject","inLanguage":"es","@id":"https:\/\/wedigitek.com\/es\/#\/schema\/logo\/image\/","url":"https:\/\/wedigitek.com\/wp-content\/uploads\/2024\/05\/logo-wedigitek-1297x245-2.png","contentUrl":"https:\/\/wedigitek.com\/wp-content\/uploads\/2024\/05\/logo-wedigitek-1297x245-2.png","width":1297,"height":245,"caption":"We:Digitek"},"image":{"@id":"https:\/\/wedigitek.com\/es\/#\/schema\/logo\/image\/"},"sameAs":["https:\/\/www.facebook.com\/wedigitek","https:\/\/www.instagram.com\/wedigitek","https:\/\/linkedin.com\/company\/wedigitek\/"]},{"@type":"Person","@id":"https:\/\/wedigitek.com\/es\/#\/schema\/person\/d50a88beee5dc731e85158cf3e370143","name":"We:Digitek","image":{"@type":"ImageObject","inLanguage":"es","@id":"https:\/\/wedigitek.com\/es\/#\/schema\/person\/image\/","url":"https:\/\/secure.gravatar.com\/avatar\/23daac8d49409faf4c30b36568c24dd6f05b0013d048bb9b2d2b1d51af033d99?s=96&d=mm&r=g","contentUrl":"https:\/\/secure.gravatar.com\/avatar\/23daac8d49409faf4c30b36568c24dd6f05b0013d048bb9b2d2b1d51af033d99?s=96&d=mm&r=g","caption":"We:Digitek"},"url":"https:\/\/wedigitek.com\/es\/author\/esanches\/"}]}},"_links":{"self":[{"href":"https:\/\/wedigitek.com\/es\/wp-json\/wp\/v2\/posts\/5610","targetHints":{"allow":["GET"]}}],"collection":[{"href":"https:\/\/wedigitek.com\/es\/wp-json\/wp\/v2\/posts"}],"about":[{"href":"https:\/\/wedigitek.com\/es\/wp-json\/wp\/v2\/types\/post"}],"author":[{"embeddable":true,"href":"https:\/\/wedigitek.com\/es\/wp-json\/wp\/v2\/users\/38"}],"replies":[{"embeddable":true,"href":"https:\/\/wedigitek.com\/es\/wp-json\/wp\/v2\/comments?post=5610"}],"version-history":[{"count":1,"href":"https:\/\/wedigitek.com\/es\/wp-json\/wp\/v2\/posts\/5610\/revisions"}],"predecessor-version":[{"id":5611,"href":"https:\/\/wedigitek.com\/es\/wp-json\/wp\/v2\/posts\/5610\/revisions\/5611"}],"wp:featuredmedia":[{"embeddable":true,"href":"https:\/\/wedigitek.com\/es\/wp-json\/wp\/v2\/media\/5606"}],"wp:attachment":[{"href":"https:\/\/wedigitek.com\/es\/wp-json\/wp\/v2\/media?parent=5610"}],"wp:term":[{"taxonomy":"category","embeddable":true,"href":"https:\/\/wedigitek.com\/es\/wp-json\/wp\/v2\/categories?post=5610"},{"taxonomy":"post_tag","embeddable":true,"href":"https:\/\/wedigitek.com\/es\/wp-json\/wp\/v2\/tags?post=5610"}],"curies":[{"name":"wp","href":"https:\/\/api.w.org\/{rel}","templated":true}]}}